{"id":4035,"date":"2024-12-05T13:06:47","date_gmt":"2024-12-05T12:06:47","guid":{"rendered":"https:\/\/activeteam.zmm-maxpol.pl\/?p=4035"},"modified":"2024-12-05T13:42:01","modified_gmt":"2024-12-05T12:42:01","slug":"po-zwyciestwo-zapowiedz-meczu-z-karpatia-zaczernie","status":"publish","type":"post","link":"https:\/\/activeteam.zmm-maxpol.pl\/en\/po-zwyciestwo-zapowiedz-meczu-z-karpatia-zaczernie\/","title":{"rendered":"Po zwyci\u0119stwo! Zapowied\u017a meczu z Karpati\u0105 Zaczernie"},"content":{"rendered":"\t\t<div data-elementor-type=\"wp-post\" data-elementor-id=\"4035\" class=\"elementor elementor-4035\">\n\t\t\t\t<div class=\"elementor-element elementor-element-6d83e5d e-flex e-con-boxed e-con e-parent\" data-id=\"6d83e5d\" data-element_type=\"container\" data-e-type=\"container\">\n\t\t\t\t\t<div class=\"e-con-inner\">\n\t\t\t\t<div class=\"elementor-element elementor-element-6d7ea66 elementor-widget elementor-widget-text-editor\" data-id=\"6d7ea66\" data-element_type=\"widget\" data-e-type=\"widget\" data-widget_type=\"text-editor.default\">\n\t\t\t\t<div class=\"elementor-widget-container\">\n\t\t\t\t\t\t\t\t\t<p>Trzecia kolejka 3 Ligi Futsalu przed nami! W najbli\u017csz\u0105 niedziel\u0119, o godzinie 18:00 ZMM Maxpol spotka si\u0119 w pierwszym derbowym pojedynku tej ligi z dru\u017cyn\u0105 Karpatia Zaczernie!<\/p>\t\t\t\t\t\t\t\t<\/div>\n\t\t\t\t<\/div>\n\t\t\t\t\t<\/div>\n\t\t\t\t<\/div>\n\t\t<div class=\"elementor-element elementor-element-cdef101 e-flex e-con-boxed e-con e-parent\" data-id=\"cdef101\" data-element_type=\"container\" data-e-type=\"container\">\n\t\t\t\t\t<div class=\"e-con-inner\">\n\t\t\t\t<div class=\"elementor-element elementor-element-fd1ac06 elementor-widget elementor-widget-video\" data-id=\"fd1ac06\" data-element_type=\"widget\" data-e-type=\"widget\" data-settings=\"{&quot;youtube_url&quot;:&quot;https:\\\/\\\/youtu.be\\\/YpDXlfWPDTI&quot;,&quot;video_type&quot;:&quot;youtube&quot;,&quot;controls&quot;:&quot;yes&quot;}\" data-widget_type=\"video.default\">\n\t\t\t\t<div class=\"elementor-widget-container\">\n\t\t\t\t\t\t\t<div class=\"elementor-wrapper elementor-open-inline\">\n\t\t\t<div class=\"elementor-video\"><\/div>\t\t<\/div>\n\t\t\t\t\t\t<\/div>\n\t\t\t\t<\/div>\n\t\t\t\t\t<\/div>\n\t\t\t\t<\/div>\n\t\t<div class=\"elementor-element elementor-element-abeccfd e-flex e-con-boxed e-con e-parent\" data-id=\"abeccfd\" data-element_type=\"container\" data-e-type=\"container\">\n\t\t\t\t\t<div class=\"e-con-inner\">\n\t\t\t\t<div class=\"elementor-element elementor-element-20a998d elementor-widget elementor-widget-heading\" data-id=\"20a998d\" data-element_type=\"widget\" data-e-type=\"widget\" data-widget_type=\"heading.default\">\n\t\t\t\t<div class=\"elementor-widget-container\">\n\t\t\t\t\t<h2 class=\"elementor-heading-title elementor-size-default\">Karpatia Zaczernie<\/h2>\t\t\t\t<\/div>\n\t\t\t\t<\/div>\n\t\t\t\t\t<\/div>\n\t\t\t\t<\/div>\n\t\t<div class=\"elementor-element elementor-element-1dc025b e-flex e-con-boxed e-con e-parent\" data-id=\"1dc025b\" data-element_type=\"container\" data-e-type=\"container\">\n\t\t\t\t\t<div class=\"e-con-inner\">\n\t\t\t\t<div class=\"elementor-element elementor-element-b6c98c4 elementor-widget elementor-widget-image\" data-id=\"b6c98c4\" data-element_type=\"widget\" data-e-type=\"widget\" data-widget_type=\"image.default\">\n\t\t\t\t<div class=\"elementor-widget-container\">\n\t\t\t\t\t\t\t\t\t\t\t\t\t\t\t<img fetchpriority=\"high\" decoding=\"async\" width=\"640\" height=\"514\" src=\"https:\/\/activeteam.zmm-maxpol.pl\/wp-content\/uploads\/sites\/2\/2024\/12\/290395614_2662843863859060_2101596615619714636_n-1024x823.jpg\" class=\"attachment-large size-large wp-image-4044\" alt=\"\" srcset=\"https:\/\/activeteam.zmm-maxpol.pl\/wp-content\/uploads\/sites\/2\/2024\/12\/290395614_2662843863859060_2101596615619714636_n-1024x823.jpg 1024w, https:\/\/activeteam.zmm-maxpol.pl\/wp-content\/uploads\/sites\/2\/2024\/12\/290395614_2662843863859060_2101596615619714636_n-300x241.jpg 300w, https:\/\/activeteam.zmm-maxpol.pl\/wp-content\/uploads\/sites\/2\/2024\/12\/290395614_2662843863859060_2101596615619714636_n-768x617.jpg 768w, https:\/\/activeteam.zmm-maxpol.pl\/wp-content\/uploads\/sites\/2\/2024\/12\/290395614_2662843863859060_2101596615619714636_n-1536x1235.jpg 1536w, https:\/\/activeteam.zmm-maxpol.pl\/wp-content\/uploads\/sites\/2\/2024\/12\/290395614_2662843863859060_2101596615619714636_n-128x103.jpg 128w, https:\/\/activeteam.zmm-maxpol.pl\/wp-content\/uploads\/sites\/2\/2024\/12\/290395614_2662843863859060_2101596615619714636_n-32x26.jpg 32w, https:\/\/activeteam.zmm-maxpol.pl\/wp-content\/uploads\/sites\/2\/2024\/12\/290395614_2662843863859060_2101596615619714636_n.jpg 2048w\" sizes=\"(max-width: 640px) 100vw, 640px\" \/>\t\t\t\t\t\t\t\t\t\t\t\t\t\t\t<\/div>\n\t\t\t\t<\/div>\n\t\t\t\t\t<\/div>\n\t\t\t\t<\/div>\n\t\t<div class=\"elementor-element elementor-element-e2caf73 e-flex e-con-boxed e-con e-parent\" data-id=\"e2caf73\" data-element_type=\"container\" data-e-type=\"container\">\n\t\t\t\t\t<div class=\"e-con-inner\">\n\t\t\t\t<div class=\"elementor-element elementor-element-5eebd48 elementor-widget elementor-widget-text-editor\" data-id=\"5eebd48\" data-element_type=\"widget\" data-e-type=\"widget\" data-widget_type=\"text-editor.default\">\n\t\t\t\t<div class=\"elementor-widget-container\">\n\t\t\t\t\t\t\t\t\t<p><span style=\"text-align: center;\">Rewelacyjny start w rozgrywkach 3 ligi futsalu zanotowani zawodnicy Karpatii Zaczernie. W dw\u00f3ch pierwszych spotkaniach zanotowali zwyci\u0119stwa, kolejno pokonuj\u0105c ekip\u0119 PCRM AZS PRz Heiro Rzesz\u00f3w 8:4 a nast\u0119pnie Axon Team Cmolas 7:4. W 3 tygodniu rozgrywek po raz kolejny przyjdzie zmierzy\u0107 im si\u0119 na wyje\u017adzie, chocia\u017c na hali kt\u00f3r\u0105 wszyscy zawodnicy Karpatii znaj\u0105 doskonale, gdy\u017c wyst\u0119powali na Mi\u0142oci\u0144skiej w rozgrywkach lig \u015brodowiskowych a tak\u017ce w Heiro Cup (kt\u00f3ry rusza ju\u017c 13 grudnia i na kt\u00f3rym nasza dru\u017cyna tak\u017ce wyst\u0105pi).\u00a0<\/span><\/p>\t\t\t\t\t\t\t\t<\/div>\n\t\t\t\t<\/div>\n\t\t\t\t\t<\/div>\n\t\t\t\t<\/div>\n\t\t<div class=\"elementor-element elementor-element-ad6f734 e-flex e-con-boxed e-con e-parent\" data-id=\"ad6f734\" data-element_type=\"container\" data-e-type=\"container\">\n\t\t\t\t\t<div class=\"e-con-inner\">\n\t\t\t\t<div class=\"elementor-element elementor-element-2934d92 elementor-widget elementor-widget-heading\" data-id=\"2934d92\" data-element_type=\"widget\" data-e-type=\"widget\" data-widget_type=\"heading.default\">\n\t\t\t\t<div class=\"elementor-widget-container\">\n\t\t\t\t\t<h2 class=\"elementor-heading-title elementor-size-default\">Zab\u00f3jcza skuteczno\u015b\u0107<\/h2>\t\t\t\t<\/div>\n\t\t\t\t<\/div>\n\t\t\t\t\t<\/div>\n\t\t\t\t<\/div>\n\t\t<div class=\"elementor-element elementor-element-3e0bc40 e-flex e-con-boxed e-con e-parent\" data-id=\"3e0bc40\" data-element_type=\"container\" data-e-type=\"container\">\n\t\t\t\t\t<div class=\"e-con-inner\">\n\t\t\t\t<div class=\"elementor-element elementor-element-e24dbf7 elementor-widget elementor-widget-text-editor\" data-id=\"e24dbf7\" data-element_type=\"widget\" data-e-type=\"widget\" data-widget_type=\"text-editor.default\">\n\t\t\t\t<div class=\"elementor-widget-container\">\n\t\t\t\t\t\t\t\t\t<p>W zespole Karpatii znajdziemy zawodnik\u00f3w s\u0142yn\u0105cych z silnej i twardej gry na parkietach futsalowych, ale niekwestionowanym liderem tej ekipy jest <strong>Patryk Panek<\/strong>, kt\u00f3ry obecnie przewodzi w wy\u015bcigu po kr\u00f3la strzelc\u00f3w 3 ligi futsalu (razem z Dopartem ze Stali Mielec). Po dw\u00f3ch kolejkach ma na swoim koncie a\u017c 5 bramek. W sk\u0142adzie Karpatii wyst\u0119puj\u0119 tak\u017ce znany nam z pojedynk\u00f3w w Lidze Firm Rzesz\u00f3w <strong>Hubert R\u0105czka<\/strong>, kt\u00f3ry nie jeden raz pokonywa\u0142 bramk\u0119 strze\u017con\u0105 przez Damiana Chorzempe na parkietach hali przy ul. Mi\u0142oci\u0144skiej. Hubert Put, trener dru\u017cyny Karpatii ma do dyspozycji jeszcze Adriana Cie\u015ble, Dawida Ziobro, Sebastiana Banka, Micha\u0142a Cacha, Wiktora Dudka, Arkadiusza Guziora, Krystiana Jacka, Dawida Janowskiego, Rafa\u0142a Lelka, Filipa Matusiaka, Piotra Pili\u0144skiego, Vladyslava Pohorilyy, Huberta Pokrywk\u0119, Jakuba Srok\u0119, Filipa Steczkowskiego, Mateusza Wojtanowskiego, Patryka \u015awista i Andrieya Zoshchuka.\u00a0<\/p>\t\t\t\t\t\t\t\t<\/div>\n\t\t\t\t<\/div>\n\t\t\t\t\t<\/div>\n\t\t\t\t<\/div>\n\t\t<div class=\"elementor-element elementor-element-3e75bc2 e-flex e-con-boxed e-con e-parent\" data-id=\"3e75bc2\" data-element_type=\"container\" data-e-type=\"container\">\n\t\t\t\t\t<div class=\"e-con-inner\">\n\t\t\t\t<div class=\"elementor-element elementor-element-e5cf9af elementor-widget elementor-widget-image\" data-id=\"e5cf9af\" data-element_type=\"widget\" data-e-type=\"widget\" data-widget_type=\"image.default\">\n\t\t\t\t<div class=\"elementor-widget-container\">\n\t\t\t\t\t\t\t\t\t\t\t\t\t\t\t<img decoding=\"async\" width=\"640\" height=\"360\" src=\"https:\/\/activeteam.zmm-maxpol.pl\/wp-content\/uploads\/sites\/2\/2024\/12\/5-2-1024x576.jpg\" class=\"attachment-large size-large wp-image-4041\" alt=\"\" srcset=\"https:\/\/activeteam.zmm-maxpol.pl\/wp-content\/uploads\/sites\/2\/2024\/12\/5-2-1024x576.jpg 1024w, https:\/\/activeteam.zmm-maxpol.pl\/wp-content\/uploads\/sites\/2\/2024\/12\/5-2-300x169.jpg 300w, https:\/\/activeteam.zmm-maxpol.pl\/wp-content\/uploads\/sites\/2\/2024\/12\/5-2-768x432.jpg 768w, https:\/\/activeteam.zmm-maxpol.pl\/wp-content\/uploads\/sites\/2\/2024\/12\/5-2-1536x864.jpg 1536w, https:\/\/activeteam.zmm-maxpol.pl\/wp-content\/uploads\/sites\/2\/2024\/12\/5-2-128x72.jpg 128w, https:\/\/activeteam.zmm-maxpol.pl\/wp-content\/uploads\/sites\/2\/2024\/12\/5-2-32x18.jpg 32w, https:\/\/activeteam.zmm-maxpol.pl\/wp-content\/uploads\/sites\/2\/2024\/12\/5-2.jpg 2000w\" sizes=\"(max-width: 640px) 100vw, 640px\" \/>\t\t\t\t\t\t\t\t\t\t\t\t\t\t\t<\/div>\n\t\t\t\t<\/div>\n\t\t\t\t\t<\/div>\n\t\t\t\t<\/div>\n\t\t<div class=\"elementor-element elementor-element-1995876 e-flex e-con-boxed e-con e-parent\" data-id=\"1995876\" data-element_type=\"container\" data-e-type=\"container\">\n\t\t\t\t\t<div class=\"e-con-inner\">\n\t\t\t\t<div class=\"elementor-element elementor-element-766215c elementor-widget elementor-widget-heading\" data-id=\"766215c\" data-element_type=\"widget\" data-e-type=\"widget\" data-widget_type=\"heading.default\">\n\t\t\t\t<div class=\"elementor-widget-container\">\n\t\t\t\t\t<h2 class=\"elementor-heading-title elementor-size-default\">Przed meczem powiedzieli.<\/h2>\t\t\t\t<\/div>\n\t\t\t\t<\/div>\n\t\t\t\t\t<\/div>\n\t\t\t\t<\/div>\n\t\t<div class=\"elementor-element elementor-element-6b92bb1 e-flex e-con-boxed e-con e-parent\" data-id=\"6b92bb1\" data-element_type=\"container\" data-e-type=\"container\">\n\t\t\t\t\t<div class=\"e-con-inner\">\n\t\t\t\t<div class=\"elementor-element elementor-element-a6180c1 elementor-widget elementor-widget-heading\" data-id=\"a6180c1\" data-element_type=\"widget\" data-e-type=\"widget\" data-widget_type=\"heading.default\">\n\t\t\t\t<div class=\"elementor-widget-container\">\n\t\t\t\t\t<h4 class=\"elementor-heading-title elementor-size-default\">Grzegorz Cie\u015bla (Karpatia Zaczernie)<\/h4>\t\t\t\t<\/div>\n\t\t\t\t<\/div>\n\t\t\t\t\t<\/div>\n\t\t\t\t<\/div>\n\t\t<div class=\"elementor-element elementor-element-0f56a38 e-flex e-con-boxed e-con e-parent\" data-id=\"0f56a38\" data-element_type=\"container\" data-e-type=\"container\">\n\t\t\t\t\t<div class=\"e-con-inner\">\n\t\t\t\t<div class=\"elementor-element elementor-element-45bdd26 elementor-widget elementor-widget-text-editor\" data-id=\"45bdd26\" data-element_type=\"widget\" data-e-type=\"widget\" data-widget_type=\"text-editor.default\">\n\t\t\t\t<div class=\"elementor-widget-container\">\n\t\t\t\t\t\t\t\t\t<p><strong>Redakcja: Po dw\u00f3ch kolejkach Karpatia wsp\u00f3\u0142lideruje w tabeli 3 ligi Podkarpackiej. Spodziewali\u015bcie si\u0119 takiego startu przed sezonem?<\/strong><\/p><p><strong>Grzegorz Cie\u015bla:<\/strong> Tak, spodziewali\u015bmy si\u0119 tego, poniewa\u017c mamy bardzo dobry sk\u0142ad, kt\u00f3ry jest ju\u017c ograny w futsalu, a to ma du\u017ce znaczenie.<\/p><p><strong>Strzelili\u015bcie najwi\u0119cej bramek, ale sporo te\u017c przyj\u0119li\u015bcie. Czy to oznacza, \u017ce ekipa z Zaczernia skupia si\u0119 bardziej na ofensywie?<\/strong><\/p><p><strong>GC:<\/strong> Stawiamy na dobr\u0105, otwart\u0105 gr\u0119. Brakuje nam jednak wyr\u00f3wnanego sk\u0142adu, je\u015bli chodzi o zmiennik\u00f3w, dlatego ogrywamy m\u0142odych ch\u0142opak\u00f3w, co wi\u0105\u017ce si\u0119 z wi\u0119kszym ryzykiem utraty bramek.<\/p><p><strong>Hubert R\u0105czka notuje \u015bwietne wej\u015bcie w sezon. Czy recepta na zatrzymanie Zaczernia to zatrzymanie Huberta?<\/strong><\/p><p><strong>GC:<\/strong> Hubert jest mocnym punktem naszego zespo\u0142u. Mog\u0119 \u015bmia\u0142o stwierdzi\u0107, \u017ce ma ogromny potencja\u0142 i talent \u2013 potrafi samodzielnie odmieni\u0107 losy meczu. Jednak recept\u0105 na zatrzymanie Zaczernia jest po prostu strzelenie jednej bramki wi\u0119cej ni\u017c my. A tak na powa\u017cnie \u2013 futsal to gra zespo\u0142owa, a Hubert to nie ca\u0142y KS Zaczernie. Mamy wielu innych zawodnik\u00f3w, kt\u00f3rzy r\u00f3wnie\u017c s\u0105 bardzo mocni. Zatrzymanie jednego zawodnika nie wystarczy, \u017ceby nas powstrzyma\u0107.<\/p><p><strong>Przed wami mecz z Maxpolem na znanej wam hali, gdzie rozegrali\u015bcie setki mecz\u00f3w. Czy to oznacza, \u017ce handicap hali domowej w tym spotkaniu nie istnieje?<\/strong><\/p><p><strong>GC:<\/strong> Nie ma czego\u015b takiego jak handicap na hali \u2013 warunki s\u0105 por\u00f3wnywalne dla obu dru\u017cyn. Gr\u0119 na hali traktujemy jako fajn\u0105 przygod\u0119 i spos\u00f3b na rywalizacj\u0119 w okresie zimowym. Jednak na pewno najwa\u017cniejsze s\u0105 klimat i atmosfera, kt\u00f3re zawsze stawiamy na pierwszym miejscu.<\/p><p><strong>Karpatia to nie tylko futsal, ale tak\u017ce dru\u017cyna pi\u0142karska na trawie. Czy traktujecie futsalowy sezon jako etap przygotowa\u0144 do wiosny? Co s\u0142ycha\u0107 w Zaczerniu? Podobno szykuje si\u0119 remont stadionu&#8230;<\/strong><\/p><p><strong>GC:<\/strong> W Zaczerniu faktycznie planowana jest renowacja stadionu. Jeste\u015bmy na etapie przygotowywania projektu, kt\u00f3ry wykonuje profesjonalna firma. Na razie nie mog\u0119 zdradzi\u0107 wi\u0119cej szczeg\u00f3\u0142\u00f3w. Korzystaj\u0105c z okazji, chcia\u0142bym serdecznie podzi\u0119kowa\u0107 firmie Karpatia Zaczernie za wsparcie, kt\u00f3re umo\u017cliwia nam realizacj\u0119 naszych plan\u00f3w \u2013 zar\u00f3wno tych zwi\u0105zanych z gr\u0105 na trawie, jak i w futsalu. Bez ich pomocy nie mogliby\u015bmy rywalizowa\u0107 na takim poziomie, na jakim obecnie gramy.<strong> Dru\u017cynie ZMM Maxpol \u017cycz\u0119 powodzenia \u2013 niech wygra lepszy!<\/strong><\/p>\t\t\t\t\t\t\t\t<\/div>\n\t\t\t\t<\/div>\n\t\t\t\t\t<\/div>\n\t\t\t\t<\/div>\n\t\t<div class=\"elementor-element elementor-element-be43dcb e-flex e-con-boxed e-con e-parent\" data-id=\"be43dcb\" data-element_type=\"container\" data-e-type=\"container\">\n\t\t\t\t\t<div class=\"e-con-inner\">\n\t\t\t\t<div class=\"elementor-element elementor-element-cecc493 elementor-widget elementor-widget-heading\" data-id=\"cecc493\" data-element_type=\"widget\" data-e-type=\"widget\" data-widget_type=\"heading.default\">\n\t\t\t\t<div class=\"elementor-widget-container\">\n\t\t\t\t\t<h4 class=\"elementor-heading-title elementor-size-default\">Jakub Fory\u015b (ZMM Maxpol)<\/h4>\t\t\t\t<\/div>\n\t\t\t\t<\/div>\n\t\t\t\t\t<\/div>\n\t\t\t\t<\/div>\n\t\t<div class=\"elementor-element elementor-element-7f621ab e-flex e-con-boxed e-con e-parent\" data-id=\"7f621ab\" data-element_type=\"container\" data-e-type=\"container\">\n\t\t\t\t\t<div class=\"e-con-inner\">\n\t\t\t\t<div class=\"elementor-element elementor-element-0449b96 elementor-widget elementor-widget-text-editor\" data-id=\"0449b96\" data-element_type=\"widget\" data-e-type=\"widget\" data-widget_type=\"text-editor.default\">\n\t\t\t\t<div class=\"elementor-widget-container\">\n\t\t\t\t\t\t\t\t\t<p><strong>Redakcja: Jak nastroje w zespole po 4 meczach bez zwyci\u0119stwa?<\/strong><\/p><p><strong>Jakub Fory\u015b:<\/strong> Czterech? Sze\u015bciu! Rozegrali\u015bmy do tej pory jeden mecz ligowy, z Niskiem w debiucie 3 tygodnie temu, gdzie nasi Sympatyczni koledzy wyra\u017anie uwidocznili nasze bol\u0105czki w grze i przegrali\u015bmy 0:6. Wcze\u015bniej w nieco innym formacie (3x20min) przegrali\u015bmy w sparingu z Politechnik\u0105 Rzeszowsk\u0105. Nast\u0119pnie 3 mecze w Pucharze Polski te\u017c posz\u0142y w z\u0142ym kierunku. We wtorek rozegrali\u015bmy za to naprawd\u0119 ciekawy sparing z dru\u017cyn\u0105 Futsal Club \u0141a\u0144cut, z zawodnikami U19, kt\u00f3rzy przygotowuj\u0105 si\u0119 do Mistrzostw Polski. W pe\u0142nym wymiarze czasowym przegrali\u015bmy 6:7, ale nasza gra wyra\u017anie si\u0119 poprawi\u0142a i wida\u0107, \u017ce dru\u017cyna chce trenowa\u0107, sparowa\u0107 i walczy\u0107 o zwyci\u0119stwa. Mimo wynik\u00f3w nastroj\u0119 s\u0105 bardzo dobre, na pewno z nadziej\u0105 patrzymy w przysz\u0142o\u015b\u0107. Dodam tylko, \u017ce zaczynaj\u0105c gra\u0107 w Futsal jako ZMM Maxpol, jeszcze w Lidze Firm i turniejach halowych, na pierwsze zwyci\u0119stwo musieli\u015bmy czeka\u0107 a\u017c 19 mecz\u00f3w tak\u017ce nie zra\u017camy si\u0119 pora\u017ckami i potrafimy z nich wyci\u0105ga\u0107 wnioski. Ekipa jest \u015bwietna, coraz bardziej z\u017cyta ze sob\u0105 i wyniki w ko\u0144cu przyjd\u0105.\u00a0<\/p><p><strong>A jak wygl\u0105da stan osobowy kadry ZMM Maxpol? Wszyscy gotowi do gry?\u00a0<\/strong><\/p><p><strong>JF:<\/strong> W zespole mamy naprawd\u0119 sporo zawodnik\u00f3w. Na treningach jest po 14-15 os\u00f3b, a na wtorkowym sparingu mogli\u015bmy wystawi\u0107 spokojnie cztery czw\u00f3rki do gry. Cieszy to, \u017ce ch\u0142opaki chc\u0105 trenowa\u0107 i wida\u0107 \u017ce im zale\u017cy. Po\u0142\u0105czenie pracownik\u00f3w ZMM Maxpol, kt\u00f3rzy nie mieli wcze\u015bniej szansy gra\u0107 w Futsal na takim poziomie, wraz z do\u015bwiadczonymi zawodnikami ligowymi to strza\u0142 w dziesi\u0105tk\u0119 i pr\u0119dzej czy p\u00f3\u017aniej b\u0119dzie to prosperowa\u0107. Ale jak wiadomo &#8211; futsal jest kontuzjogenny. Z gry wypad\u0142y nasze dwa czo\u0142gi: S\u0142awomir Bu\u015bko i Damian Rak. Z powodu uraz\u00f3w nie zagraj\u0105 te\u017c Micha\u0142 Pieczonka, Mateusz Szaszowski, Daniel Iskra i S\u0142awomir Rzepka. Lekk\u0105 kontuzj\u0119 ma tak\u017ce Ja\u015b Iskra, a Bart\u0142omiej Le\u015b walczy o powr\u00f3t do zdrowia po kontuzji i ich wyst\u0119p stoi pod znakiem zapytania. Natomiast dost\u0119pni do gry w ko\u0144cu s\u0105 Mi\u0142osz Linek i Kamil Garbacik.\u00a0<\/p>\t\t\t\t\t\t\t\t<\/div>\n\t\t\t\t<\/div>\n\t\t\t\t<div class=\"elementor-element elementor-element-ae5b3b6 elementor-widget elementor-widget-image\" data-id=\"ae5b3b6\" data-element_type=\"widget\" data-e-type=\"widget\" data-widget_type=\"image.default\">\n\t\t\t\t<div class=\"elementor-widget-container\">\n\t\t\t\t\t\t\t\t\t\t\t\t<figure class=\"wp-caption\">\n\t\t\t\t\t\t\t\t\t\t<img decoding=\"async\" width=\"312\" height=\"203\" src=\"https:\/\/activeteam.zmm-maxpol.pl\/wp-content\/uploads\/sites\/2\/2024\/12\/linek-garbacik.png\" class=\"attachment-large size-large wp-image-4045\" alt=\"\" srcset=\"https:\/\/activeteam.zmm-maxpol.pl\/wp-content\/uploads\/sites\/2\/2024\/12\/linek-garbacik.png 312w, https:\/\/activeteam.zmm-maxpol.pl\/wp-content\/uploads\/sites\/2\/2024\/12\/linek-garbacik-300x195.png 300w, https:\/\/activeteam.zmm-maxpol.pl\/wp-content\/uploads\/sites\/2\/2024\/12\/linek-garbacik-128x83.png 128w, https:\/\/activeteam.zmm-maxpol.pl\/wp-content\/uploads\/sites\/2\/2024\/12\/linek-garbacik-32x21.png 32w\" sizes=\"(max-width: 312px) 100vw, 312px\" \/>\t\t\t\t\t\t\t\t\t\t\t<figcaption class=\"widget-image-caption wp-caption-text\">Mi\u0142osz Linek i Kamil Garbacik<\/figcaption>\n\t\t\t\t\t\t\t\t\t\t<\/figure>\n\t\t\t\t\t\t\t\t\t<\/div>\n\t\t\t\t<\/div>\n\t\t\t\t\t<\/div>\n\t\t\t\t<\/div>\n\t\t<div class=\"elementor-element elementor-element-27ad967 e-flex e-con-boxed e-con e-parent\" data-id=\"27ad967\" data-element_type=\"container\" data-e-type=\"container\">\n\t\t\t\t\t<div class=\"e-con-inner\">\n\t\t\t\t<div class=\"elementor-element elementor-element-5128b1b elementor-widget elementor-widget-text-editor\" data-id=\"5128b1b\" data-element_type=\"widget\" data-e-type=\"widget\" data-widget_type=\"text-editor.default\">\n\t\t\t\t<div class=\"elementor-widget-container\">\n\t\t\t\t\t\t\t\t\t<p><strong>Bardzo napi\u0119ty terminarz przed Wami&#8230;<\/strong><\/p><p><strong>JF:<\/strong> Przede wszystkim lubimy gra\u0107, ale faktycznie &#8211; po meczu z Niskiem mocno wzi\u0119li\u015bmy si\u0119 do pracy. Wtorek sparing, czwartek trening, niedziela mecz. W kolejnym tygodniu zaleg\u0142y mecz 2 kolejki 3 ligi futsalu przeciwko PCRM AZS PRz Heiro Rzesz\u00f3w (w czwartek o 20:00 na Mi\u0142oci\u0144skiej), nast\u0119pnie w sobot\u0119 rozgrywamy Heiro Cup w Tyczynie. W przysz\u0142ym tygodniu nie trenujemy, co na pewno pozwoli nabra\u0107 \u015bwie\u017co\u015bci tym najbardziej eksploatowanym. Zamiast treningu wybieramy si\u0119 na dru\u017cynow\u0105 kolacj\u0119 do <a href=\"https:\/\/www.facebook.com\/IkedaSushiRzeszow\"><strong>Ikeda Sushi,<\/strong><\/a>\u00a0bo dru\u017cyna to nie tylko treningi i mecze, ale przede wszystkim atmosfera i zgranie. Najwa\u017cniejsze to dotrwa\u0107 do ko\u0144ca roku bez kontuzji i wygra\u0107 co si\u0119 da!<\/p><p><strong>Czeka Was pierwszy mecz jako gospodarz. Czego mo\u017cemy spodziewa\u0107 si\u0119 na hali przy ul. Mi\u0142oci\u0144skiej?<\/strong><\/p><p><strong>JF:<\/strong> Zanim zaczn\u0119 opowiada\u0107 co planujemy to od razu uprzedz\u0119, \u017ce prosz\u0119 o wyrozumia\u0142o\u015b\u0107, gdy\u017c jest to pierwszy mecz jaki b\u0119dziemy organizowa\u0107 &#8211; pierwszy w historii. Jak co\u015b nam nie wyjdzie, to na nast\u0119pny raz si\u0119 poprawimy \ud83d\ude42<\/p><p>Je\u017celi chodzi o trybuny, to dzi\u0119ki naszemu partnerowi &#8211; <a href=\"https:\/\/www.facebook.com\/NOiDCatering\"><strong>NOiD Catering<\/strong><\/a> &#8211; chcemy zaserwowa\u0107 kibicom najlepszy catering jaki jest na podkarpaciu. Patryk (w\u0142a\u015bciciel NOiD) i jego ekipa obs\u0142uguj\u0105 catering na meczach Rzeszowskiej Stali, Stali Mielec, a nawet Soko\u0142a \u0141a\u0144cut. Obs\u0142ugiwali tak\u017ce mecze kadry w Mielcu i Stalowej Woli organizowane przez Podkarpacki Zwi\u0105zek Pi\u0142ki No\u017cnej. Dzi\u0119ki nim na hali b\u0119dzie mo\u017cna zje\u015b\u0107 co\u015b na ciep\u0142o, wypi\u0107 zimny nap\u00f3j i przek\u0105si\u0107 co\u015b do meczu. No i ceny na pewno nie b\u0119d\u0105 jak na jarmarkach bo\u017conarodzeniowych \ud83d\ude42 Dodatkowo na hali b\u0119d\u0105 tak\u017ce animacje dla dzieci tworzone przez <a href=\"https:\/\/www.facebook.com\/profile.php?id=100094541858852\"><strong>Lady Panda.<\/strong><\/a> \u015amia\u0142o mo\u017cecie bra\u0107 swoje pociechy, kt\u00f3re na pewno b\u0119d\u0105 dobrze zaopiekowane w trakcie spotkania. B\u0119dzie muzyka, konkursy w przerwie, a za obs\u0142ug\u0119 spikersk\u0105 odpowiada\u0142 b\u0119dzie nie kto inny jak <strong>S\u0142awomir Ferenc.<\/strong><\/p><p>Chcemy by mecze ZMM Maxpol na naszej domowej hali by\u0142y \u015bwi\u0119tem nie tylko dla pracownik\u00f3w ZMM Maxpol, ale tak\u017ce dla wszystkich fan\u00f3w futsalu w Rzeszowie. Spodziewamy si\u0119 sporej widowni i wszystkich serdecznie zapraszamy na spotkanie, kt\u00f3re rozpocznie si\u0119 o godzinie 18:00, 8 grudnia w niedziel\u0119.<\/p><p><strong>A dla tych co nie mog\u0105 dotrze\u0107 na hal\u0119?<\/strong><\/p><p>Oczywi\u015bcie mecz b\u0119dzie transmitowany na YouTube <a href=\"https:\/\/www.youtube.com\/@podkarpackizwiazekpn\">Podkarpackiego Zwi\u0105zku Pi\u0142ki No\u017cnej<\/a> oraz na Facebooku <a href=\"https:\/\/www.facebook.com\/zmmmaxpol\">ZMM MAXPOL<\/a>. Za komentarz b\u0119dzie odpowiada\u0142 nie kto inny jak <strong>Patryk Popio\u0142ek<\/strong>. Staramy si\u0119, by ka\u017cdy z naszych mecz\u00f3w by\u0142 transmitowany na \u017cywo, czy to z Rzeszowa czy z naszych mecz\u00f3w wyjazdowych i nie inaczej b\u0119dzie tym razem. Do zobaczenia w niedziele!\u00a0<\/p>\t\t\t\t\t\t\t\t<\/div>\n\t\t\t\t<\/div>\n\t\t\t\t\t<\/div>\n\t\t\t\t<\/div>\n\t\t<div class=\"elementor-element elementor-element-f0f6d64 e-flex e-con-boxed e-con e-parent\" data-id=\"f0f6d64\" data-element_type=\"container\" data-e-type=\"container\">\n\t\t\t\t\t<div class=\"e-con-inner\">\n\t\t<div class=\"elementor-element elementor-element-8e0c166 e-con-full e-flex e-con e-child\" data-id=\"8e0c166\" data-element_type=\"container\" data-e-type=\"container\">\n\t\t\t\t<div class=\"elementor-element elementor-element-2524dd3 elementor-widget elementor-widget-image\" data-id=\"2524dd3\" data-element_type=\"widget\" data-e-type=\"widget\" data-widget_type=\"image.default\">\n\t\t\t\t<div class=\"elementor-widget-container\">\n\t\t\t\t\t\t\t\t\t\t\t\t\t\t\t<img loading=\"lazy\" decoding=\"async\" width=\"640\" height=\"800\" src=\"https:\/\/activeteam.zmm-maxpol.pl\/wp-content\/uploads\/sites\/2\/2024\/12\/6-819x1024.jpg\" class=\"attachment-large size-large wp-image-4042\" alt=\"\" srcset=\"https:\/\/activeteam.zmm-maxpol.pl\/wp-content\/uploads\/sites\/2\/2024\/12\/6-819x1024.jpg 819w, https:\/\/activeteam.zmm-maxpol.pl\/wp-content\/uploads\/sites\/2\/2024\/12\/6-240x300.jpg 240w, https:\/\/activeteam.zmm-maxpol.pl\/wp-content\/uploads\/sites\/2\/2024\/12\/6-768x960.jpg 768w, https:\/\/activeteam.zmm-maxpol.pl\/wp-content\/uploads\/sites\/2\/2024\/12\/6-1229x1536.jpg 1229w, https:\/\/activeteam.zmm-maxpol.pl\/wp-content\/uploads\/sites\/2\/2024\/12\/6-102x128.jpg 102w, https:\/\/activeteam.zmm-maxpol.pl\/wp-content\/uploads\/sites\/2\/2024\/12\/6-26x32.jpg 26w, https:\/\/activeteam.zmm-maxpol.pl\/wp-content\/uploads\/sites\/2\/2024\/12\/6.jpg 1600w\" sizes=\"(max-width: 640px) 100vw, 640px\" \/>\t\t\t\t\t\t\t\t\t\t\t\t\t\t\t<\/div>\n\t\t\t\t<\/div>\n\t\t\t\t<\/div>\n\t\t<div class=\"elementor-element elementor-element-e668f73 e-con-full e-flex e-con e-child\" data-id=\"e668f73\" data-element_type=\"container\" data-e-type=\"container\">\n\t\t\t\t<div class=\"elementor-element elementor-element-5bcc562 elementor-widget elementor-widget-heading\" data-id=\"5bcc562\" data-element_type=\"widget\" data-e-type=\"widget\" data-widget_type=\"heading.default\">\n\t\t\t\t<div class=\"elementor-widget-container\">\n\t\t\t\t\t<h2 class=\"elementor-heading-title elementor-size-default\">Przewidywany sk\u0142ad ZMM Maxpol:<\/h2>\t\t\t\t<\/div>\n\t\t\t\t<\/div>\n\t\t\t\t<div class=\"elementor-element elementor-element-f995a89 elementor-widget elementor-widget-text-editor\" data-id=\"f995a89\" data-element_type=\"widget\" data-e-type=\"widget\" data-widget_type=\"text-editor.default\">\n\t\t\t\t<div class=\"elementor-widget-container\">\n\t\t\t\t\t\t\t\t\t<p>Dawid Iskra (trener)<br \/>Kamil Zawadzki<br \/>Damian Chorzempa<br \/>Adam Wojkowski<br \/>Damian Tutak<br \/>Dawid Wojciechowski<br \/>Grzegorz Rajdek<br \/>Grzegorz Depta<br \/>Jakub Przep\u0142ata<br \/>Jakub Pszonka<br \/>Kamil Dobek<br \/>Kamil Garbacik<br \/>Mi\u0142osz Linek<br \/>Sebastian N\u0119dza<br \/>Jan Iskra (wyst\u0119p niepewny)<br \/>Bart\u0142omiej Le\u015b (wyst\u0119p niepewny)<br \/><br \/><\/p>\t\t\t\t\t\t\t\t<\/div>\n\t\t\t\t<\/div>\n\t\t\t\t<\/div>\n\t\t\t\t\t<\/div>\n\t\t\t\t<\/div>\n\t\t\t\t<\/div>\n\t\t","protected":false},"excerpt":{"rendered":"<p>Trzecia kolejka 3 Ligi Futsalu przed nami! W najbli\u017csz\u0105 niedziel\u0119, o godzinie 18:00 ZMM Maxpol spotka si\u0119 w pierwszym derbowym pojedynku tej ligi z dru\u017cyn\u0105 Karpatia Zaczernie! https:\/\/youtu.be\/YpDXlfWPDTI Karpatia Zaczernie Rewelacyjny start w rozgrywkach 3 ligi futsalu zanotowani zawodnicy Karpatii Zaczernie. W dw\u00f3ch pierwszych spotkaniach zanotowali zwyci\u0119stwa, kolejno pokonuj\u0105c ekip\u0119 PCRM AZS PRz Heiro Rzesz\u00f3w&#8230;<\/p>\n","protected":false},"author":5,"featured_media":4039,"comment_status":"open","ping_status":"open","sticky":false,"template":"","format":"standard","meta":{"footnotes":""},"categories":[1],"tags":[],"class_list":["post-4035","post","type-post","status-publish","format-standard","has-post-thumbnail","hentry","category-bez-kategorii"],"yoast_head":"<!-- This site is optimized with the Yoast SEO Premium plugin v26.9 (Yoast SEO v26.9) - https:\/\/yoast.com\/product\/yoast-seo-premium-wordpress\/ -->\n<title>Po zwyci\u0119stwo! Zapowied\u017a meczu z Karpati\u0105 Zaczernie<\/title>\n<meta name=\"robots\" content=\"index, follow, max-snippet:-1, max-image-preview:large, max-video-preview:-1\" \/>\n<link rel=\"canonical\" href=\"https:\/\/activeteam.zmm-maxpol.pl\/po-zwyciestwo-zapowiedz-meczu-z-karpatia-zaczernie\/\" \/>\n<meta property=\"og:locale\" content=\"en_US\" \/>\n<meta property=\"og:type\" content=\"article\" \/>\n<meta property=\"og:title\" content=\"Po zwyci\u0119stwo! Zapowied\u017a meczu z Karpati\u0105 Zaczernie\" \/>\n<meta property=\"og:description\" content=\"Trzecia kolejka 3 Ligi Futsalu przed nami! W najbli\u017csz\u0105 niedziel\u0119, o godzinie 18:00 ZMM Maxpol spotka si\u0119 w pierwszym derbowym pojedynku tej ligi z dru\u017cyn\u0105 Karpatia Zaczernie! https:\/\/youtu.be\/YpDXlfWPDTI Karpatia Zaczernie Rewelacyjny start w rozgrywkach 3 ligi futsalu zanotowani zawodnicy Karpatii Zaczernie. W dw\u00f3ch pierwszych spotkaniach zanotowali zwyci\u0119stwa, kolejno pokonuj\u0105c ekip\u0119 PCRM AZS PRz Heiro Rzesz\u00f3w...\" \/>\n<meta property=\"og:url\" content=\"https:\/\/activeteam.zmm-maxpol.pl\/po-zwyciestwo-zapowiedz-meczu-z-karpatia-zaczernie\/\" \/>\n<meta property=\"og:site_name\" content=\"ZMM MAXPOL ACTIVE TEAM RZESZ\u00d3W\" \/>\n<meta property=\"article:publisher\" content=\"https:\/\/www.facebook.com\/zmmmaxpol\" \/>\n<meta property=\"article:published_time\" content=\"2024-12-05T12:06:47+00:00\" \/>\n<meta property=\"article:modified_time\" content=\"2024-12-05T12:42:01+00:00\" \/>\n<meta property=\"og:image\" content=\"http:\/\/activeteam.zmm-maxpol.pl\/wp-content\/uploads\/sites\/2\/2024\/12\/4.jpg\" \/>\n\t<meta property=\"og:image:width\" content=\"2000\" \/>\n\t<meta property=\"og:image:height\" content=\"1125\" \/>\n\t<meta property=\"og:image:type\" content=\"image\/jpeg\" \/>\n<meta name=\"author\" content=\"Jakub Fory\u015b\" \/>\n<meta name=\"twitter:card\" content=\"summary_large_image\" \/>\n<meta name=\"twitter:label1\" content=\"Written by\" \/>\n\t<meta name=\"twitter:data1\" content=\"Jakub Fory\u015b\" \/>\n\t<meta name=\"twitter:label2\" content=\"Est. reading time\" \/>\n\t<meta name=\"twitter:data2\" content=\"9 minutes\" \/>\n<script type=\"application\/ld+json\" class=\"yoast-schema-graph\">{\"@context\":\"https:\/\/schema.org\",\"@graph\":[{\"@type\":\"Article\",\"@id\":\"https:\/\/activeteam.zmm-maxpol.pl\/po-zwyciestwo-zapowiedz-meczu-z-karpatia-zaczernie\/#article\",\"isPartOf\":{\"@id\":\"https:\/\/activeteam.zmm-maxpol.pl\/po-zwyciestwo-zapowiedz-meczu-z-karpatia-zaczernie\/\"},\"author\":{\"name\":\"Jakub Fory\u015b\",\"@id\":\"https:\/\/activeteam.zmm-maxpol.pl\/#\/schema\/person\/f37c6811161f81f93406436ed803ec27\"},\"headline\":\"Po zwyci\u0119stwo! Zapowied\u017a meczu z Karpati\u0105 Zaczernie\",\"datePublished\":\"2024-12-05T12:06:47+00:00\",\"dateModified\":\"2024-12-05T12:42:01+00:00\",\"mainEntityOfPage\":{\"@id\":\"https:\/\/activeteam.zmm-maxpol.pl\/po-zwyciestwo-zapowiedz-meczu-z-karpatia-zaczernie\/\"},\"wordCount\":1562,\"commentCount\":0,\"publisher\":{\"@id\":\"https:\/\/activeteam.zmm-maxpol.pl\/#organization\"},\"image\":{\"@id\":\"https:\/\/activeteam.zmm-maxpol.pl\/po-zwyciestwo-zapowiedz-meczu-z-karpatia-zaczernie\/#primaryimage\"},\"thumbnailUrl\":\"https:\/\/activeteam.zmm-maxpol.pl\/wp-content\/uploads\/sites\/2\/2024\/12\/4.jpg\",\"articleSection\":[\"Bez kategorii\"],\"inLanguage\":\"en-US\",\"potentialAction\":[{\"@type\":\"CommentAction\",\"name\":\"Comment\",\"target\":[\"https:\/\/activeteam.zmm-maxpol.pl\/po-zwyciestwo-zapowiedz-meczu-z-karpatia-zaczernie\/#respond\"]}]},{\"@type\":\"WebPage\",\"@id\":\"https:\/\/activeteam.zmm-maxpol.pl\/po-zwyciestwo-zapowiedz-meczu-z-karpatia-zaczernie\/\",\"url\":\"https:\/\/activeteam.zmm-maxpol.pl\/po-zwyciestwo-zapowiedz-meczu-z-karpatia-zaczernie\/\",\"name\":\"[:pl]Po zwyci\u0119stwo! Zapowied\u017a meczu z Karpati\u0105 Zaczernie[:] - ZMM MAXPOL ACTIVE TEAM RZESZ\u00d3W\",\"isPartOf\":{\"@id\":\"https:\/\/activeteam.zmm-maxpol.pl\/#website\"},\"primaryImageOfPage\":{\"@id\":\"https:\/\/activeteam.zmm-maxpol.pl\/po-zwyciestwo-zapowiedz-meczu-z-karpatia-zaczernie\/#primaryimage\"},\"image\":{\"@id\":\"https:\/\/activeteam.zmm-maxpol.pl\/po-zwyciestwo-zapowiedz-meczu-z-karpatia-zaczernie\/#primaryimage\"},\"thumbnailUrl\":\"https:\/\/activeteam.zmm-maxpol.pl\/wp-content\/uploads\/sites\/2\/2024\/12\/4.jpg\",\"datePublished\":\"2024-12-05T12:06:47+00:00\",\"dateModified\":\"2024-12-05T12:42:01+00:00\",\"breadcrumb\":{\"@id\":\"https:\/\/activeteam.zmm-maxpol.pl\/po-zwyciestwo-zapowiedz-meczu-z-karpatia-zaczernie\/#breadcrumb\"},\"inLanguage\":\"en-US\",\"potentialAction\":[{\"@type\":\"ReadAction\",\"target\":[\"https:\/\/activeteam.zmm-maxpol.pl\/po-zwyciestwo-zapowiedz-meczu-z-karpatia-zaczernie\/\"]}]},{\"@type\":\"ImageObject\",\"inLanguage\":\"en-US\",\"@id\":\"https:\/\/activeteam.zmm-maxpol.pl\/po-zwyciestwo-zapowiedz-meczu-z-karpatia-zaczernie\/#primaryimage\",\"url\":\"https:\/\/activeteam.zmm-maxpol.pl\/wp-content\/uploads\/sites\/2\/2024\/12\/4.jpg\",\"contentUrl\":\"https:\/\/activeteam.zmm-maxpol.pl\/wp-content\/uploads\/sites\/2\/2024\/12\/4.jpg\",\"width\":2000,\"height\":1125},{\"@type\":\"BreadcrumbList\",\"@id\":\"https:\/\/activeteam.zmm-maxpol.pl\/po-zwyciestwo-zapowiedz-meczu-z-karpatia-zaczernie\/#breadcrumb\",\"itemListElement\":[{\"@type\":\"ListItem\",\"position\":1,\"name\":\"Strona g\u0142\u00f3wna\",\"item\":\"https:\/\/activeteam.zmm-maxpol.pl\/\"},{\"@type\":\"ListItem\",\"position\":2,\"name\":\"Po zwyci\u0119stwo! Zapowied\u017a meczu z Karpati\u0105 Zaczernie\"}]},{\"@type\":\"WebSite\",\"@id\":\"https:\/\/activeteam.zmm-maxpol.pl\/#website\",\"url\":\"https:\/\/activeteam.zmm-maxpol.pl\/\",\"name\":\"ZMM MAXPOL ACTIVE TEAM RZESZ\u00d3W\",\"description\":\"\",\"publisher\":{\"@id\":\"https:\/\/activeteam.zmm-maxpol.pl\/#organization\"},\"alternateName\":\"ZMM MAXPOL RZESZ\u00d3W\",\"potentialAction\":[{\"@type\":\"SearchAction\",\"target\":{\"@type\":\"EntryPoint\",\"urlTemplate\":\"https:\/\/activeteam.zmm-maxpol.pl\/?s={search_term_string}\"},\"query-input\":{\"@type\":\"PropertyValueSpecification\",\"valueRequired\":true,\"valueName\":\"search_term_string\"}}],\"inLanguage\":\"en-US\"},{\"@type\":\"Organization\",\"@id\":\"https:\/\/activeteam.zmm-maxpol.pl\/#organization\",\"name\":\"ZMM MAXPOL ACTIVE TEAM RZESZ\u00d3W\",\"url\":\"https:\/\/activeteam.zmm-maxpol.pl\/\",\"logo\":{\"@type\":\"ImageObject\",\"inLanguage\":\"en-US\",\"@id\":\"https:\/\/activeteam.zmm-maxpol.pl\/#\/schema\/logo\/image\/\",\"url\":\"https:\/\/activeteam.zmm-maxpol.pl\/wp-content\/uploads\/sites\/2\/2024\/11\/Logo3-1.png\",\"contentUrl\":\"https:\/\/activeteam.zmm-maxpol.pl\/wp-content\/uploads\/sites\/2\/2024\/11\/Logo3-1.png\",\"width\":1000,\"height\":1000,\"caption\":\"ZMM MAXPOL ACTIVE TEAM RZESZ\u00d3W\"},\"image\":{\"@id\":\"https:\/\/activeteam.zmm-maxpol.pl\/#\/schema\/logo\/image\/\"},\"sameAs\":[\"https:\/\/www.facebook.com\/zmmmaxpol\"],\"description\":\"Firmowa dru\u017cyna ZMM MAXPOL\",\"email\":\"activeteam@zmm-maxpol.pl\",\"foundingDate\":\"2019-11-01\",\"vatID\":\"PL5170383818\",\"numberOfEmployees\":{\"@type\":\"QuantitativeValue\",\"minValue\":\"201\",\"maxValue\":\"500\"}},{\"@type\":\"Person\",\"@id\":\"https:\/\/activeteam.zmm-maxpol.pl\/#\/schema\/person\/f37c6811161f81f93406436ed803ec27\",\"name\":\"Jakub Fory\u015b\",\"image\":{\"@type\":\"ImageObject\",\"inLanguage\":\"en-US\",\"@id\":\"https:\/\/activeteam.zmm-maxpol.pl\/#\/schema\/person\/image\/\",\"url\":\"https:\/\/secure.gravatar.com\/avatar\/05aa428c9f767ba11bb016659ed9d69c21d8ce94d5470ca98f9c11de7f850c33?s=96&d=mm&r=g\",\"contentUrl\":\"https:\/\/secure.gravatar.com\/avatar\/05aa428c9f767ba11bb016659ed9d69c21d8ce94d5470ca98f9c11de7f850c33?s=96&d=mm&r=g\",\"caption\":\"Jakub Fory\u015b\"},\"url\":\"https:\/\/activeteam.zmm-maxpol.pl\/en\/author\/forys-jakub\/\"}]}<\/script>\n<!-- \/ Yoast SEO Premium plugin. -->","yoast_head_json":{"title":"[:pl]Po zwyci\u0119stwo! Zapowied\u017a meczu z Karpati\u0105 Zaczernie[:] - ZMM MAXPOL ACTIVE TEAM RZESZ\u00d3W","robots":{"index":"index","follow":"follow","max-snippet":"max-snippet:-1","max-image-preview":"max-image-preview:large","max-video-preview":"max-video-preview:-1"},"canonical":"https:\/\/activeteam.zmm-maxpol.pl\/po-zwyciestwo-zapowiedz-meczu-z-karpatia-zaczernie\/","og_locale":"en_US","og_type":"article","og_title":"[:pl]Po zwyci\u0119stwo! Zapowied\u017a meczu z Karpati\u0105 Zaczernie[:]","og_description":"Trzecia kolejka 3 Ligi Futsalu przed nami! W najbli\u017csz\u0105 niedziel\u0119, o godzinie 18:00 ZMM Maxpol spotka si\u0119 w pierwszym derbowym pojedynku tej ligi z dru\u017cyn\u0105 Karpatia Zaczernie! https:\/\/youtu.be\/YpDXlfWPDTI Karpatia Zaczernie Rewelacyjny start w rozgrywkach 3 ligi futsalu zanotowani zawodnicy Karpatii Zaczernie. W dw\u00f3ch pierwszych spotkaniach zanotowali zwyci\u0119stwa, kolejno pokonuj\u0105c ekip\u0119 PCRM AZS PRz Heiro Rzesz\u00f3w...","og_url":"https:\/\/activeteam.zmm-maxpol.pl\/po-zwyciestwo-zapowiedz-meczu-z-karpatia-zaczernie\/","og_site_name":"ZMM MAXPOL ACTIVE TEAM RZESZ\u00d3W","article_publisher":"https:\/\/www.facebook.com\/zmmmaxpol","article_published_time":"2024-12-05T12:06:47+00:00","article_modified_time":"2024-12-05T12:42:01+00:00","og_image":[{"width":2000,"height":1125,"url":"http:\/\/activeteam.zmm-maxpol.pl\/wp-content\/uploads\/sites\/2\/2024\/12\/4.jpg","type":"image\/jpeg"}],"author":"Jakub Fory\u015b","twitter_card":"summary_large_image","twitter_misc":{"Written by":"Jakub Fory\u015b","Est. reading time":"9 minutes"},"schema":{"@context":"https:\/\/schema.org","@graph":[{"@type":"Article","@id":"https:\/\/activeteam.zmm-maxpol.pl\/po-zwyciestwo-zapowiedz-meczu-z-karpatia-zaczernie\/#article","isPartOf":{"@id":"https:\/\/activeteam.zmm-maxpol.pl\/po-zwyciestwo-zapowiedz-meczu-z-karpatia-zaczernie\/"},"author":{"name":"Jakub Fory\u015b","@id":"https:\/\/activeteam.zmm-maxpol.pl\/#\/schema\/person\/f37c6811161f81f93406436ed803ec27"},"headline":"Po zwyci\u0119stwo! Zapowied\u017a meczu z Karpati\u0105 Zaczernie","datePublished":"2024-12-05T12:06:47+00:00","dateModified":"2024-12-05T12:42:01+00:00","mainEntityOfPage":{"@id":"https:\/\/activeteam.zmm-maxpol.pl\/po-zwyciestwo-zapowiedz-meczu-z-karpatia-zaczernie\/"},"wordCount":1562,"commentCount":0,"publisher":{"@id":"https:\/\/activeteam.zmm-maxpol.pl\/#organization"},"image":{"@id":"https:\/\/activeteam.zmm-maxpol.pl\/po-zwyciestwo-zapowiedz-meczu-z-karpatia-zaczernie\/#primaryimage"},"thumbnailUrl":"https:\/\/activeteam.zmm-maxpol.pl\/wp-content\/uploads\/sites\/2\/2024\/12\/4.jpg","articleSection":["Bez kategorii"],"inLanguage":"en-US","potentialAction":[{"@type":"CommentAction","name":"Comment","target":["https:\/\/activeteam.zmm-maxpol.pl\/po-zwyciestwo-zapowiedz-meczu-z-karpatia-zaczernie\/#respond"]}]},{"@type":"WebPage","@id":"https:\/\/activeteam.zmm-maxpol.pl\/po-zwyciestwo-zapowiedz-meczu-z-karpatia-zaczernie\/","url":"https:\/\/activeteam.zmm-maxpol.pl\/po-zwyciestwo-zapowiedz-meczu-z-karpatia-zaczernie\/","name":"[:pl]Po zwyci\u0119stwo! Zapowied\u017a meczu z Karpati\u0105 Zaczernie[:] - ZMM MAXPOL ACTIVE TEAM RZESZ\u00d3W","isPartOf":{"@id":"https:\/\/activeteam.zmm-maxpol.pl\/#website"},"primaryImageOfPage":{"@id":"https:\/\/activeteam.zmm-maxpol.pl\/po-zwyciestwo-zapowiedz-meczu-z-karpatia-zaczernie\/#primaryimage"},"image":{"@id":"https:\/\/activeteam.zmm-maxpol.pl\/po-zwyciestwo-zapowiedz-meczu-z-karpatia-zaczernie\/#primaryimage"},"thumbnailUrl":"https:\/\/activeteam.zmm-maxpol.pl\/wp-content\/uploads\/sites\/2\/2024\/12\/4.jpg","datePublished":"2024-12-05T12:06:47+00:00","dateModified":"2024-12-05T12:42:01+00:00","breadcrumb":{"@id":"https:\/\/activeteam.zmm-maxpol.pl\/po-zwyciestwo-zapowiedz-meczu-z-karpatia-zaczernie\/#breadcrumb"},"inLanguage":"en-US","potentialAction":[{"@type":"ReadAction","target":["https:\/\/activeteam.zmm-maxpol.pl\/po-zwyciestwo-zapowiedz-meczu-z-karpatia-zaczernie\/"]}]},{"@type":"ImageObject","inLanguage":"en-US","@id":"https:\/\/activeteam.zmm-maxpol.pl\/po-zwyciestwo-zapowiedz-meczu-z-karpatia-zaczernie\/#primaryimage","url":"https:\/\/activeteam.zmm-maxpol.pl\/wp-content\/uploads\/sites\/2\/2024\/12\/4.jpg","contentUrl":"https:\/\/activeteam.zmm-maxpol.pl\/wp-content\/uploads\/sites\/2\/2024\/12\/4.jpg","width":2000,"height":1125},{"@type":"BreadcrumbList","@id":"https:\/\/activeteam.zmm-maxpol.pl\/po-zwyciestwo-zapowiedz-meczu-z-karpatia-zaczernie\/#breadcrumb","itemListElement":[{"@type":"ListItem","position":1,"name":"Strona g\u0142\u00f3wna","item":"https:\/\/activeteam.zmm-maxpol.pl\/"},{"@type":"ListItem","position":2,"name":"Po zwyci\u0119stwo! Zapowied\u017a meczu z Karpati\u0105 Zaczernie"}]},{"@type":"WebSite","@id":"https:\/\/activeteam.zmm-maxpol.pl\/#website","url":"https:\/\/activeteam.zmm-maxpol.pl\/","name":"ZMM MAXPOL ACTIVE TEAM RZESZ\u00d3W","description":"","publisher":{"@id":"https:\/\/activeteam.zmm-maxpol.pl\/#organization"},"alternateName":"ZMM MAXPOL RZESZ\u00d3W","potentialAction":[{"@type":"SearchAction","target":{"@type":"EntryPoint","urlTemplate":"https:\/\/activeteam.zmm-maxpol.pl\/?s={search_term_string}"},"query-input":{"@type":"PropertyValueSpecification","valueRequired":true,"valueName":"search_term_string"}}],"inLanguage":"en-US"},{"@type":"Organization","@id":"https:\/\/activeteam.zmm-maxpol.pl\/#organization","name":"ZMM MAXPOL ACTIVE TEAM RZESZ\u00d3W","url":"https:\/\/activeteam.zmm-maxpol.pl\/","logo":{"@type":"ImageObject","inLanguage":"en-US","@id":"https:\/\/activeteam.zmm-maxpol.pl\/#\/schema\/logo\/image\/","url":"https:\/\/activeteam.zmm-maxpol.pl\/wp-content\/uploads\/sites\/2\/2024\/11\/Logo3-1.png","contentUrl":"https:\/\/activeteam.zmm-maxpol.pl\/wp-content\/uploads\/sites\/2\/2024\/11\/Logo3-1.png","width":1000,"height":1000,"caption":"ZMM MAXPOL ACTIVE TEAM RZESZ\u00d3W"},"image":{"@id":"https:\/\/activeteam.zmm-maxpol.pl\/#\/schema\/logo\/image\/"},"sameAs":["https:\/\/www.facebook.com\/zmmmaxpol"],"description":"Firmowa dru\u017cyna ZMM MAXPOL","email":"activeteam@zmm-maxpol.pl","foundingDate":"2019-11-01","vatID":"PL5170383818","numberOfEmployees":{"@type":"QuantitativeValue","minValue":"201","maxValue":"500"}},{"@type":"Person","@id":"https:\/\/activeteam.zmm-maxpol.pl\/#\/schema\/person\/f37c6811161f81f93406436ed803ec27","name":"Jakub Fory\u015b","image":{"@type":"ImageObject","inLanguage":"en-US","@id":"https:\/\/activeteam.zmm-maxpol.pl\/#\/schema\/person\/image\/","url":"https:\/\/secure.gravatar.com\/avatar\/05aa428c9f767ba11bb016659ed9d69c21d8ce94d5470ca98f9c11de7f850c33?s=96&d=mm&r=g","contentUrl":"https:\/\/secure.gravatar.com\/avatar\/05aa428c9f767ba11bb016659ed9d69c21d8ce94d5470ca98f9c11de7f850c33?s=96&d=mm&r=g","caption":"Jakub Fory\u015b"},"url":"https:\/\/activeteam.zmm-maxpol.pl\/en\/author\/forys-jakub\/"}]}},"_links":{"self":[{"href":"https:\/\/activeteam.zmm-maxpol.pl\/en\/wp-json\/wp\/v2\/posts\/4035","targetHints":{"allow":["GET"]}}],"collection":[{"href":"https:\/\/activeteam.zmm-maxpol.pl\/en\/wp-json\/wp\/v2\/posts"}],"about":[{"href":"https:\/\/activeteam.zmm-maxpol.pl\/en\/wp-json\/wp\/v2\/types\/post"}],"author":[{"embeddable":true,"href":"https:\/\/activeteam.zmm-maxpol.pl\/en\/wp-json\/wp\/v2\/users\/5"}],"replies":[{"embeddable":true,"href":"https:\/\/activeteam.zmm-maxpol.pl\/en\/wp-json\/wp\/v2\/comments?post=4035"}],"version-history":[{"count":0,"href":"https:\/\/activeteam.zmm-maxpol.pl\/en\/wp-json\/wp\/v2\/posts\/4035\/revisions"}],"wp:featuredmedia":[{"embeddable":true,"href":"https:\/\/activeteam.zmm-maxpol.pl\/en\/wp-json\/wp\/v2\/media\/4039"}],"wp:attachment":[{"href":"https:\/\/activeteam.zmm-maxpol.pl\/en\/wp-json\/wp\/v2\/media?parent=4035"}],"wp:term":[{"taxonomy":"category","embeddable":true,"href":"https:\/\/activeteam.zmm-maxpol.pl\/en\/wp-json\/wp\/v2\/categories?post=4035"},{"taxonomy":"post_tag","embeddable":true,"href":"https:\/\/activeteam.zmm-maxpol.pl\/en\/wp-json\/wp\/v2\/tags?post=4035"}],"curies":[{"name":"wp","href":"https:\/\/api.w.org\/{rel}","templated":true}]}}